{"id":11032,"date":"2017-07-10T17:26:13","date_gmt":"2017-07-10T20:26:13","guid":{"rendered":"http:\/\/www.portalmantena.com.br\/novo\/?p=11032"},"modified":"2017-07-11T10:25:03","modified_gmt":"2017-07-11T13:25:03","slug":"pm-se-mobiliza-e-prende-autores-de-assalto-a-padaria-em-mantena","status":"publish","type":"post","link":"http:\/\/www.portalmantena.com.br\/novo\/?p=11032","title":{"rendered":"PM se mobiliza e prende autores de assalto a Padaria"},"content":{"rendered":"<p><a href=\"http:\/\/www.portalmantena.com.br\/novo\/wp-content\/uploads\/2017\/07\/no100717crime1.jpg\"><img loading=\"lazy\" class=\"alignnone size-full wp-image-11033\" src=\"http:\/\/www.portalmantena.com.br\/novo\/wp-content\/uploads\/2017\/07\/no100717crime1.jpg\" alt=\"\" width=\"700\" height=\"450\" srcset=\"http:\/\/www.portalmantena.com.br\/novo\/wp-content\/uploads\/2017\/07\/no100717crime1.jpg 700w, http:\/\/www.portalmantena.com.br\/novo\/wp-content\/uploads\/2017\/07\/no100717crime1-300x193.jpg 300w, http:\/\/www.portalmantena.com.br\/novo\/wp-content\/uploads\/2017\/07\/no100717crime1-696x447.jpg 696w, http:\/\/www.portalmantena.com.br\/novo\/wp-content\/uploads\/2017\/07\/no100717crime1-653x420.jpg 653w\" sizes=\"(max-width: 700px) 100vw, 700px\" \/><\/a><\/p>\n<p><span style=\"font-size: 14pt;\">A manh\u00e3 desta segunda-feira dia 10 de julho come\u00e7ou movimentada em Mantena, e infelizmente pela not\u00edcia de um assalto a m\u00e3o armada, h\u00e1 uma Padaria situada \u00e0 rua Sete de Setembro. <\/span><\/p>\n<p><span style=\"font-size: 14pt;\">De acordo com informa\u00e7\u00f5es, j\u00e1 passava das 9 horas da manh\u00e3 quando dois elementos chegaram ao local, um deles ficou \u00e0 porta, enquanto que outro de posse de uma arma de fogo, anunciou o assalto, amea\u00e7ou os funcion\u00e1rios dizendo que queria o dinheiro do caixa. <\/span><\/p>\n<p><span style=\"font-size: 14pt;\">Al\u00e9m de levar o dinheiro que havia (cerca de R$ 100 reais), o elemento roubou tamb\u00e9m um aparelho celular de uma das funcion\u00e1rias da padaria, fugindo em seguida. A PM foi ent\u00e3o acionada e equipes iniciaram uma intensa mobiliza\u00e7\u00e3o com intuito de localizar os autores. <\/span><\/p>\n<p><span style=\"font-size: 14pt;\">Durante as dilig\u00eancias um dos envolvidos, foi preso e confessou a participa\u00e7\u00e3o no crime. Os policiais realizaram um intenso rastreamento inclusive em morros e pr\u00f3ximo de uma mata situada no centro da cidade, por\u00e9m sem \u00eaxito em encontrar o autor. <\/span><\/p>\n<p><span style=\"font-size: 14pt;\">Algumas horas depois (j\u00e1 no per\u00edodo da tarde), a Pol\u00edcia Militar localizou uma motocicleta, que tamb\u00e9m havia sido roubada pelo assaltante, e ainda parte do dinheiro roubado e na sequ\u00eancia os policiais tiveram \u00eaxito, e conseguiram prender o segundo autor, que tamb\u00e9m confessou a participa\u00e7\u00e3o no assalto.<\/span><\/p>\n<p><a href=\"http:\/\/www.portalmantena.com.br\/novo\/wp-content\/uploads\/2017\/07\/no100717crime2.jpg\"><img loading=\"lazy\" class=\"alignnone size-full wp-image-11034\" src=\"http:\/\/www.portalmantena.com.br\/novo\/wp-content\/uploads\/2017\/07\/no100717crime2.jpg\" alt=\"\" width=\"700\" height=\"450\" srcset=\"http:\/\/www.portalmantena.com.br\/novo\/wp-content\/uploads\/2017\/07\/no100717crime2.jpg 700w, http:\/\/www.portalmantena.com.br\/novo\/wp-content\/uploads\/2017\/07\/no100717crime2-300x193.jpg 300w, http:\/\/www.portalmantena.com.br\/novo\/wp-content\/uploads\/2017\/07\/no100717crime2-696x447.jpg 696w, http:\/\/www.portalmantena.com.br\/novo\/wp-content\/uploads\/2017\/07\/no100717crime2-653x420.jpg 653w\" sizes=\"(max-width: 700px) 100vw, 700px\" \/><\/a> <a href=\"http:\/\/www.portalmantena.com.br\/novo\/wp-content\/uploads\/2017\/07\/no100717crime3.jpg\"><img loading=\"lazy\" class=\"alignnone size-full wp-image-11035\" src=\"http:\/\/www.portalmantena.com.br\/novo\/wp-content\/uploads\/2017\/07\/no100717crime3.jpg\" alt=\"\" width=\"700\" height=\"450\" srcset=\"http:\/\/www.portalmantena.com.br\/novo\/wp-content\/uploads\/2017\/07\/no100717crime3.jpg 700w, http:\/\/www.portalmantena.com.br\/novo\/wp-content\/uploads\/2017\/07\/no100717crime3-300x193.jpg 300w, http:\/\/www.portalmantena.com.br\/novo\/wp-content\/uploads\/2017\/07\/no100717crime3-696x447.jpg 696w, http:\/\/www.portalmantena.com.br\/novo\/wp-content\/uploads\/2017\/07\/no100717crime3-653x420.jpg 653w\" sizes=\"(max-width: 700px) 100vw, 700px\" \/><\/a> <a href=\"http:\/\/www.portalmantena.com.br\/novo\/wp-content\/uploads\/2017\/07\/no100717crime4.jpg\"><img loading=\"lazy\" class=\"alignnone size-full wp-image-11036\" src=\"http:\/\/www.portalmantena.com.br\/novo\/wp-content\/uploads\/2017\/07\/no100717crime4.jpg\" alt=\"\" width=\"700\" height=\"450\" srcset=\"http:\/\/www.portalmantena.com.br\/novo\/wp-content\/uploads\/2017\/07\/no100717crime4.jpg 700w, http:\/\/www.portalmantena.com.br\/novo\/wp-content\/uploads\/2017\/07\/no100717crime4-300x193.jpg 300w, http:\/\/www.portalmantena.com.br\/novo\/wp-content\/uploads\/2017\/07\/no100717crime4-696x447.jpg 696w, http:\/\/www.portalmantena.com.br\/novo\/wp-content\/uploads\/2017\/07\/no100717crime4-653x420.jpg 653w\" sizes=\"(max-width: 700px) 100vw, 700px\" \/><\/a> <a href=\"http:\/\/www.portalmantena.com.br\/novo\/wp-content\/uploads\/2017\/07\/no100717crime5.jpg\"><img loading=\"lazy\" class=\"alignnone size-full wp-image-11037\" src=\"http:\/\/www.portalmantena.com.br\/novo\/wp-content\/uploads\/2017\/07\/no100717crime5.jpg\" alt=\"\" width=\"700\" height=\"450\" srcset=\"http:\/\/www.portalmantena.com.br\/novo\/wp-content\/uploads\/2017\/07\/no100717crime5.jpg 700w, http:\/\/www.portalmantena.com.br\/novo\/wp-content\/uploads\/2017\/07\/no100717crime5-300x193.jpg 300w, http:\/\/www.portalmantena.com.br\/novo\/wp-content\/uploads\/2017\/07\/no100717crime5-696x447.jpg 696w, http:\/\/www.portalmantena.com.br\/novo\/wp-content\/uploads\/2017\/07\/no100717crime5-653x420.jpg 653w\" sizes=\"(max-width: 700px) 100vw, 700px\" \/><\/a><\/p>\n","protected":false},"excerpt":{"rendered":"<p>A manh\u00e3 desta segunda-feira dia 10 de julho come\u00e7ou movimentada em Mantena, e infelizmente pela not\u00edcia de um assalto a m\u00e3o armada, h\u00e1 uma Padaria situada \u00e0 rua Sete de Setembro. De acordo com informa\u00e7\u00f5es, j\u00e1 passava das 9 horas da manh\u00e3 quando dois elementos chegaram ao local, um deles ficou \u00e0 porta, enquanto que [&hellip;]<\/p>\n","protected":false},"author":1,"featured_media":11034,"comment_status":"open","ping_status":"open","sticky":false,"template":"","format":"standard","meta":[],"categories":[11,34],"tags":[],"_links":{"self":[{"href":"http:\/\/www.portalmantena.com.br\/novo\/index.php?rest_route=\/wp\/v2\/posts\/11032"}],"collection":[{"href":"http:\/\/www.portalmantena.com.br\/novo\/index.php?rest_route=\/wp\/v2\/posts"}],"about":[{"href":"http:\/\/www.portalmantena.com.br\/novo\/index.php?rest_route=\/wp\/v2\/types\/post"}],"author":[{"embeddable":true,"href":"http:\/\/www.portalmantena.com.br\/novo\/index.php?rest_route=\/wp\/v2\/users\/1"}],"replies":[{"embeddable":true,"href":"http:\/\/www.portalmantena.com.br\/novo\/index.php?rest_route=%2Fwp%2Fv2%2Fcomments&post=11032"}],"version-history":[{"count":4,"href":"http:\/\/www.portalmantena.com.br\/novo\/index.php?rest_route=\/wp\/v2\/posts\/11032\/revisions"}],"predecessor-version":[{"id":11094,"href":"http:\/\/www.portalmantena.com.br\/novo\/index.php?rest_route=\/wp\/v2\/posts\/11032\/revisions\/11094"}],"wp:featuredmedia":[{"embeddable":true,"href":"http:\/\/www.portalmantena.com.br\/novo\/index.php?rest_route=\/wp\/v2\/media\/11034"}],"wp:attachment":[{"href":"http:\/\/www.portalmantena.com.br\/novo\/index.php?rest_route=%2Fwp%2Fv2%2Fmedia&parent=11032"}],"wp:term":[{"taxonomy":"category","embeddable":true,"href":"http:\/\/www.portalmantena.com.br\/novo\/index.php?rest_route=%2Fwp%2Fv2%2Fcategories&post=11032"},{"taxonomy":"post_tag","embeddable":true,"href":"http:\/\/www.portalmantena.com.br\/novo\/index.php?rest_route=%2Fwp%2Fv2%2Ftags&post=11032"}],"curies":[{"name":"wp","href":"https:\/\/api.w.org\/{rel}","templated":true}]}}