{"id":1103,"date":"2017-02-14T14:45:09","date_gmt":"2017-02-14T14:45:09","guid":{"rendered":"http:\/\/www.portalmantena.com.br\/novo\/?p=1103"},"modified":"2017-02-14T14:45:09","modified_gmt":"2017-02-14T14:45:09","slug":"gabriel-fratura-dedinho-e-pode-ficar-de-fora-por-ate-tres-meses","status":"publish","type":"post","link":"http:\/\/www.portalmantena.com.br\/novo\/?p=1103","title":{"rendered":"Gabriel fratura dedinho e pode ficar de fora por at\u00e9 tr\u00eas meses"},"content":{"rendered":"<p><a href=\"http:\/\/www.portalmantena.com.br\/novo\/wp-content\/uploads\/2017\/02\/es140217jesus.jpg\"><img loading=\"lazy\" class=\"alignnone size-full wp-image-1104\" src=\"http:\/\/www.portalmantena.com.br\/novo\/wp-content\/uploads\/2017\/02\/es140217jesus.jpg\" alt=\"\" width=\"650\" height=\"420\" srcset=\"http:\/\/www.portalmantena.com.br\/novo\/wp-content\/uploads\/2017\/02\/es140217jesus.jpg 650w, http:\/\/www.portalmantena.com.br\/novo\/wp-content\/uploads\/2017\/02\/es140217jesus-300x194.jpg 300w\" sizes=\"(max-width: 650px) 100vw, 650px\" \/><\/a><\/p>\n<p><span style=\"color: #003366; font-size: 14pt;\">Gabriel fratura dedinho e pode ficar de fora por at\u00e9 tr\u00eas meses<\/span><\/p>\n<p><span style=\"font-size: 14pt;\">&gt;&gt;&gt;Gabriel Jesus teve uma fratura no &#8220;dedinho&#8221; do p\u00e9 direito e foi orientado pelo departamento m\u00e9dico do Manchester City a uma opera\u00e7\u00e3o. O procedimento cir\u00fargico tiraria o atacante brasileiro de a\u00e7\u00e3o por at\u00e9 tr\u00eas meses. O Manchester City ainda n\u00e3o se pronunciou oficialmente sobre o assunto, mas \u00e9 ciente da gravidade da les\u00e3o. O atacante realizou um exame de imagem para saber a extens\u00e3o da les\u00e3o na manh\u00e3 desta ter\u00e7a-feira. Outra alternativa seria um tratamento fisioter\u00e1pico, menos invasivo, para minimizar o tempo de recupera\u00e7\u00e3o. Jesus sofreu a les\u00e3o durante o duelo da \u00faltima segunda-feira pelo Campeonato Ingl\u00eas, contra o Bournemouth. (fonte\/foto:band)<\/span><\/p>\n","protected":false},"excerpt":{"rendered":"<p>Gabriel fratura dedinho e pode ficar de fora por at\u00e9 tr\u00eas meses &gt;&gt;&gt;Gabriel Jesus teve uma fratura no &#8220;dedinho&#8221; do p\u00e9 direito e foi orientado pelo departamento m\u00e9dico do Manchester City a uma opera\u00e7\u00e3o. O procedimento cir\u00fargico tiraria o atacante brasileiro de a\u00e7\u00e3o por at\u00e9 tr\u00eas meses. O Manchester City ainda n\u00e3o se pronunciou oficialmente [&hellip;]<\/p>\n","protected":false},"author":1,"featured_media":1104,"comment_status":"open","ping_status":"open","sticky":false,"template":"","format":"standard","meta":[],"categories":[22],"tags":[],"_links":{"self":[{"href":"http:\/\/www.portalmantena.com.br\/novo\/index.php?rest_route=\/wp\/v2\/posts\/1103"}],"collection":[{"href":"http:\/\/www.portalmantena.com.br\/novo\/index.php?rest_route=\/wp\/v2\/posts"}],"about":[{"href":"http:\/\/www.portalmantena.com.br\/novo\/index.php?rest_route=\/wp\/v2\/types\/post"}],"author":[{"embeddable":true,"href":"http:\/\/www.portalmantena.com.br\/novo\/index.php?rest_route=\/wp\/v2\/users\/1"}],"replies":[{"embeddable":true,"href":"http:\/\/www.portalmantena.com.br\/novo\/index.php?rest_route=%2Fwp%2Fv2%2Fcomments&post=1103"}],"version-history":[{"count":1,"href":"http:\/\/www.portalmantena.com.br\/novo\/index.php?rest_route=\/wp\/v2\/posts\/1103\/revisions"}],"predecessor-version":[{"id":1105,"href":"http:\/\/www.portalmantena.com.br\/novo\/index.php?rest_route=\/wp\/v2\/posts\/1103\/revisions\/1105"}],"wp:featuredmedia":[{"embeddable":true,"href":"http:\/\/www.portalmantena.com.br\/novo\/index.php?rest_route=\/wp\/v2\/media\/1104"}],"wp:attachment":[{"href":"http:\/\/www.portalmantena.com.br\/novo\/index.php?rest_route=%2Fwp%2Fv2%2Fmedia&parent=1103"}],"wp:term":[{"taxonomy":"category","embeddable":true,"href":"http:\/\/www.portalmantena.com.br\/novo\/index.php?rest_route=%2Fwp%2Fv2%2Fcategories&post=1103"},{"taxonomy":"post_tag","embeddable":true,"href":"http:\/\/www.portalmantena.com.br\/novo\/index.php?rest_route=%2Fwp%2Fv2%2Ftags&post=1103"}],"curies":[{"name":"wp","href":"https:\/\/api.w.org\/{rel}","templated":true}]}}