{"id":10797,"date":"2017-07-07T09:38:00","date_gmt":"2017-07-07T12:38:00","guid":{"rendered":"http:\/\/www.portalmantena.com.br\/novo\/?p=10797"},"modified":"2017-07-07T09:38:00","modified_gmt":"2017-07-07T12:38:00","slug":"torneio-de-futsal-e-handebol-neste-sabado-na-quadra-do-centro","status":"publish","type":"post","link":"http:\/\/www.portalmantena.com.br\/novo\/?p=10797","title":{"rendered":"Torneio de futsal e handebol neste s\u00e1bado na quadra do centro"},"content":{"rendered":"<p><a href=\"http:\/\/www.portalmantena.com.br\/novo\/wp-content\/uploads\/2017\/07\/no070717futsal.jpg\"><img loading=\"lazy\" class=\"alignnone size-full wp-image-10798\" src=\"http:\/\/www.portalmantena.com.br\/novo\/wp-content\/uploads\/2017\/07\/no070717futsal.jpg\" alt=\"\" width=\"700\" height=\"450\" srcset=\"http:\/\/www.portalmantena.com.br\/novo\/wp-content\/uploads\/2017\/07\/no070717futsal.jpg 700w, http:\/\/www.portalmantena.com.br\/novo\/wp-content\/uploads\/2017\/07\/no070717futsal-300x193.jpg 300w, http:\/\/www.portalmantena.com.br\/novo\/wp-content\/uploads\/2017\/07\/no070717futsal-696x447.jpg 696w, http:\/\/www.portalmantena.com.br\/novo\/wp-content\/uploads\/2017\/07\/no070717futsal-653x420.jpg 653w\" sizes=\"(max-width: 700px) 100vw, 700px\" \/><\/a><\/p>\n<p style=\"line-height: 19.5pt; background: white; margin: 0cm 0cm 15.0pt 0cm;\"><span style=\"font-size: 14pt; font-family: verdana, geneva, sans-serif;\">Como parte da programa\u00e7\u00e3o do evento SIPAT \u2013 Semana interna de Preven\u00e7\u00e3o de Acidentes do Trabalho, edi\u00e7\u00e3o 2017 na empresa mantenense BY Hare, acontecer\u00e1 neste s\u00e1bado dia 08 de Julho, um torneio de Futsal masculino e handebol feminino em Mantena. <\/span><\/p>\n<p style=\"line-height: 19.5pt; background: white; margin: 0cm 0cm 15.0pt 0cm;\"><span style=\"font-size: 14pt; font-family: verdana, geneva, sans-serif;\">O torneio marca oficialmente a abertura da semana de palestras que acontecer\u00e1 na empresa a partir de segunda-feira dia 10, encerrando na sexta-feira dia 14 de Julho. <\/span><\/p>\n<p style=\"line-height: 19.5pt; background: white; margin: 0cm 0cm 15.0pt 0cm;\"><span style=\"font-size: 14pt; font-family: verdana, geneva, sans-serif;\">Neste s\u00e1bado, a partir das 12h30\u2019 na quadra do centro em Mantena, haver\u00e1 esta competi\u00e7\u00e3o esportiva, e a comunidade mantenense bem como esportistas est\u00e3o convidados a acompanhar de perto este torneio. <\/span><\/p>\n","protected":false},"excerpt":{"rendered":"<p>Como parte da programa\u00e7\u00e3o do evento SIPAT \u2013 Semana interna de Preven\u00e7\u00e3o de Acidentes do Trabalho, edi\u00e7\u00e3o 2017 na empresa mantenense BY Hare, acontecer\u00e1 neste s\u00e1bado dia 08 de Julho, um torneio de Futsal masculino e handebol feminino em Mantena. O torneio marca oficialmente a abertura da semana de palestras que acontecer\u00e1 na empresa a [&hellip;]<\/p>\n","protected":false},"author":1,"featured_media":10798,"comment_status":"open","ping_status":"open","sticky":false,"template":"","format":"standard","meta":[],"categories":[22],"tags":[],"_links":{"self":[{"href":"http:\/\/www.portalmantena.com.br\/novo\/index.php?rest_route=\/wp\/v2\/posts\/10797"}],"collection":[{"href":"http:\/\/www.portalmantena.com.br\/novo\/index.php?rest_route=\/wp\/v2\/posts"}],"about":[{"href":"http:\/\/www.portalmantena.com.br\/novo\/index.php?rest_route=\/wp\/v2\/types\/post"}],"author":[{"embeddable":true,"href":"http:\/\/www.portalmantena.com.br\/novo\/index.php?rest_route=\/wp\/v2\/users\/1"}],"replies":[{"embeddable":true,"href":"http:\/\/www.portalmantena.com.br\/novo\/index.php?rest_route=%2Fwp%2Fv2%2Fcomments&post=10797"}],"version-history":[{"count":1,"href":"http:\/\/www.portalmantena.com.br\/novo\/index.php?rest_route=\/wp\/v2\/posts\/10797\/revisions"}],"predecessor-version":[{"id":10799,"href":"http:\/\/www.portalmantena.com.br\/novo\/index.php?rest_route=\/wp\/v2\/posts\/10797\/revisions\/10799"}],"wp:featuredmedia":[{"embeddable":true,"href":"http:\/\/www.portalmantena.com.br\/novo\/index.php?rest_route=\/wp\/v2\/media\/10798"}],"wp:attachment":[{"href":"http:\/\/www.portalmantena.com.br\/novo\/index.php?rest_route=%2Fwp%2Fv2%2Fmedia&parent=10797"}],"wp:term":[{"taxonomy":"category","embeddable":true,"href":"http:\/\/www.portalmantena.com.br\/novo\/index.php?rest_route=%2Fwp%2Fv2%2Fcategories&post=10797"},{"taxonomy":"post_tag","embeddable":true,"href":"http:\/\/www.portalmantena.com.br\/novo\/index.php?rest_route=%2Fwp%2Fv2%2Ftags&post=10797"}],"curies":[{"name":"wp","href":"https:\/\/api.w.org\/{rel}","templated":true}]}}