{"id":10755,"date":"2017-07-06T15:08:45","date_gmt":"2017-07-06T18:08:45","guid":{"rendered":"http:\/\/www.portalmantena.com.br\/novo\/?p=10755"},"modified":"2017-07-18T15:22:33","modified_gmt":"2017-07-18T18:22:33","slug":"junior-entrevista-esteticista-patricia-karla-profissional-de-sucesso-em-mantena","status":"publish","type":"post","link":"http:\/\/www.portalmantena.com.br\/novo\/?p=10755","title":{"rendered":"A Esteticista Patr\u00edcia, fala sobre o sucesso do tratamento contra calv\u00edcie"},"content":{"rendered":"<p><a href=\"http:\/\/www.portalmantena.com.br\/novo\/wp-content\/uploads\/2017\/07\/jupatricia9.jpg\"><img loading=\"lazy\" class=\"alignnone size-full wp-image-10769\" src=\"http:\/\/www.portalmantena.com.br\/novo\/wp-content\/uploads\/2017\/07\/jupatricia9.jpg\" alt=\"\" width=\"700\" height=\"450\" srcset=\"http:\/\/www.portalmantena.com.br\/novo\/wp-content\/uploads\/2017\/07\/jupatricia9.jpg 700w, http:\/\/www.portalmantena.com.br\/novo\/wp-content\/uploads\/2017\/07\/jupatricia9-300x193.jpg 300w, http:\/\/www.portalmantena.com.br\/novo\/wp-content\/uploads\/2017\/07\/jupatricia9-696x447.jpg 696w, http:\/\/www.portalmantena.com.br\/novo\/wp-content\/uploads\/2017\/07\/jupatricia9-653x420.jpg 653w\" sizes=\"(max-width: 700px) 100vw, 700px\" \/><\/a><\/p>\n<p><span style=\"font-size: 14pt; color: #993300;\">A entrevistada desta edi\u00e7\u00e3o \u00e9 a competente profissional mantenense no ramo da est\u00e9tica, <span style=\"color: #000000;\"><strong>Patr\u00edcia Karla<\/strong><\/span>, propriet\u00e1ria da empresa Est\u00e9tica &amp; Laser. Ela ir\u00e1 nos relatar um pouco do sucesso que vem tendo, com clientes extremamente satisfeitos com o processo de tratamento da calv\u00edcie.\u00a0<\/span><\/p>\n<p><span style=\"font-size: 14pt; color: #993300;\"><a href=\"http:\/\/www.portalmantena.com.br\/novo\/wp-content\/uploads\/2017\/07\/jupatricia10.jpg\"><img loading=\"lazy\" class=\"alignnone size-full wp-image-10771\" src=\"http:\/\/www.portalmantena.com.br\/novo\/wp-content\/uploads\/2017\/07\/jupatricia10.jpg\" alt=\"\" width=\"700\" height=\"450\" srcset=\"http:\/\/www.portalmantena.com.br\/novo\/wp-content\/uploads\/2017\/07\/jupatricia10.jpg 700w, http:\/\/www.portalmantena.com.br\/novo\/wp-content\/uploads\/2017\/07\/jupatricia10-300x193.jpg 300w, http:\/\/www.portalmantena.com.br\/novo\/wp-content\/uploads\/2017\/07\/jupatricia10-696x447.jpg 696w, http:\/\/www.portalmantena.com.br\/novo\/wp-content\/uploads\/2017\/07\/jupatricia10-653x420.jpg 653w\" sizes=\"(max-width: 700px) 100vw, 700px\" \/><\/a><\/span><\/p>\n<p><span style=\"font-size: 14pt; color: #993300;\"><strong>Confira a entrevista abaixo e conhe\u00e7a um pouco mais desta jovem empres\u00e1ria que vem se destacando n\u00e3o apenas em Mantena mas em toda regi\u00e3o.<\/strong><\/span><\/p>\n<p><span style=\"font-size: 14pt;\"><span style=\"font-size: 18pt; color: #993300;\"><strong>JUnior<\/strong>\u00a0&#8211;<\/span>\u00a0Iniciamos nossa entrevista com uma pergunta que muitos homens e mulheres tem curiosidade de saber, Calv\u00edcie tem cura?<\/span><\/p>\n<p><span style=\"font-size: 14pt;\"><strong>Patr\u00edcia\u00a0&#8211;<\/strong>\u00a0Estudos revelam que a maioria dos homens que chegam ao 50 anos sofre com queda de cabelo ou aprofundamento das entradas ou calv\u00edcie acentuada , e 20% das mulheres entre 20 e 30 anos inicia a queda dos fios capilares, e existe sim tratamento.<\/span><\/p>\n<p><a href=\"http:\/\/www.portalmantena.com.br\/novo\/wp-content\/uploads\/2017\/07\/jupatricia1.jpg\"><img loading=\"lazy\" class=\"alignnone size-full wp-image-10761\" src=\"http:\/\/www.portalmantena.com.br\/novo\/wp-content\/uploads\/2017\/07\/jupatricia1.jpg\" alt=\"\" width=\"700\" height=\"450\" srcset=\"http:\/\/www.portalmantena.com.br\/novo\/wp-content\/uploads\/2017\/07\/jupatricia1.jpg 700w, http:\/\/www.portalmantena.com.br\/novo\/wp-content\/uploads\/2017\/07\/jupatricia1-300x193.jpg 300w, http:\/\/www.portalmantena.com.br\/novo\/wp-content\/uploads\/2017\/07\/jupatricia1-696x447.jpg 696w, http:\/\/www.portalmantena.com.br\/novo\/wp-content\/uploads\/2017\/07\/jupatricia1-653x420.jpg 653w\" sizes=\"(max-width: 700px) 100vw, 700px\" \/><\/a><\/p>\n<p><span style=\"font-size: 14pt;\"><span style=\"font-size: 18pt; color: #993300;\"><strong>JUnior<\/strong>\u00a0&#8211;<\/span>\u00a0A Calv\u00edcie Masculina tem deixado homens assustados porque?<\/span><\/p>\n<p><span style=\"font-size: 14pt;\"><strong>Patr\u00edcia\u00a0&#8211;<\/strong>\u00a0A calv\u00edcie masculina ou alopecia androgen\u00e9tica ocorre em 1 a cada 2 homens no mundo, e isso assusta.\u00a0<\/span><\/p>\n<p><a href=\"http:\/\/www.portalmantena.com.br\/novo\/wp-content\/uploads\/2017\/07\/jupatricia7.jpg\"><img loading=\"lazy\" class=\"alignnone size-full wp-image-10767\" src=\"http:\/\/www.portalmantena.com.br\/novo\/wp-content\/uploads\/2017\/07\/jupatricia7.jpg\" alt=\"\" width=\"700\" height=\"450\" srcset=\"http:\/\/www.portalmantena.com.br\/novo\/wp-content\/uploads\/2017\/07\/jupatricia7.jpg 700w, http:\/\/www.portalmantena.com.br\/novo\/wp-content\/uploads\/2017\/07\/jupatricia7-300x193.jpg 300w, http:\/\/www.portalmantena.com.br\/novo\/wp-content\/uploads\/2017\/07\/jupatricia7-696x447.jpg 696w, http:\/\/www.portalmantena.com.br\/novo\/wp-content\/uploads\/2017\/07\/jupatricia7-653x420.jpg 653w\" sizes=\"(max-width: 700px) 100vw, 700px\" \/><\/a><\/p>\n<p><span style=\"font-size: 14pt;\"><span style=\"font-size: 18pt; color: #993300;\"><strong>JUnior<\/strong>\u00a0&#8211;<\/span>\u00a0E as mulheres, elas tamb\u00e9m n\u00e3o ficam livres, qual a principal causa da Calv\u00edcie Feminina?<\/span><\/p>\n<p><span style=\"font-size: 14pt;\"><strong>Patr\u00edcia\u00a0&#8211;<\/strong>\u00a0Hoje, o papel que a mulher desempenha na sociedade deixou-a mais suscept\u00edvel ao estresse e \u00e0 ansiedade e a perda dos cabelos virou realidade para elas. As mulheres come\u00e7am a observar que o cabelo perde seu brilho tornando um cabelo sem vida por diversos motivos: para simplificarmos vou comentar dois grupos : causas internas, tais como altera\u00e7\u00f5es nutricionista, manifesta\u00e7\u00f5es gen\u00e9ticas, irregularidades hormonais e inflama\u00e7\u00f5es no couro cabeludo, e muito mais causas externas que t\u00eam como agentes influenciadores a polui\u00e7\u00e3o, exposi\u00e7\u00e3o excessiva ao sol, qu\u00edmicas , tinturas , cigarro e muitos outros .<\/span><\/p>\n<p><a href=\"http:\/\/www.portalmantena.com.br\/novo\/wp-content\/uploads\/2017\/07\/jupatricia8.jpg\"><img loading=\"lazy\" class=\"alignnone size-full wp-image-10768\" src=\"http:\/\/www.portalmantena.com.br\/novo\/wp-content\/uploads\/2017\/07\/jupatricia8.jpg\" alt=\"\" width=\"700\" height=\"450\" srcset=\"http:\/\/www.portalmantena.com.br\/novo\/wp-content\/uploads\/2017\/07\/jupatricia8.jpg 700w, http:\/\/www.portalmantena.com.br\/novo\/wp-content\/uploads\/2017\/07\/jupatricia8-300x193.jpg 300w, http:\/\/www.portalmantena.com.br\/novo\/wp-content\/uploads\/2017\/07\/jupatricia8-696x447.jpg 696w, http:\/\/www.portalmantena.com.br\/novo\/wp-content\/uploads\/2017\/07\/jupatricia8-653x420.jpg 653w\" sizes=\"(max-width: 700px) 100vw, 700px\" \/><\/a><a href=\"http:\/\/www.portalmantena.com.br\/novo\/wp-content\/uploads\/2017\/07\/jupatricia3.jpg\"><img loading=\"lazy\" class=\"alignnone size-full wp-image-10763\" src=\"http:\/\/www.portalmantena.com.br\/novo\/wp-content\/uploads\/2017\/07\/jupatricia3.jpg\" alt=\"\" width=\"700\" height=\"450\" srcset=\"http:\/\/www.portalmantena.com.br\/novo\/wp-content\/uploads\/2017\/07\/jupatricia3.jpg 700w, http:\/\/www.portalmantena.com.br\/novo\/wp-content\/uploads\/2017\/07\/jupatricia3-300x193.jpg 300w, http:\/\/www.portalmantena.com.br\/novo\/wp-content\/uploads\/2017\/07\/jupatricia3-696x447.jpg 696w, http:\/\/www.portalmantena.com.br\/novo\/wp-content\/uploads\/2017\/07\/jupatricia3-653x420.jpg 653w\" sizes=\"(max-width: 700px) 100vw, 700px\" \/><\/a><\/p>\n<p><span style=\"font-size: 14pt;\"><span style=\"font-size: 18pt; color: #993300;\"><strong>JUnior<\/strong>\u00a0&#8211;<\/span>\u00a0Gostaria de fazer algumas perguntas sobre mito ou verdades sobre a calv\u00edcie. A hereditariedade da calv\u00edcie vem apenas do Pai?<\/span><\/p>\n<p><span style=\"font-size: 14pt;\"><strong>Patr\u00edcia\u00a0&#8211;<\/strong>\u00a0\u00c9 Mito. A calv\u00edcie \u00e9 polig\u00eanica, tem associa\u00e7\u00e3o com o PAI ou com o M\u00e3e.<\/span><\/p>\n<p><span style=\"font-size: 14pt;\"><span style=\"font-size: 18pt; color: #993300;\"><strong>JUnior<\/strong>\u00a0&#8211;<\/span>\u00a0Queda capilar masculina e at\u00e9 os 30 anos, Ap\u00f3s aos 30 anos o que n\u00e3o caiu n\u00e3o cai mais?<\/span><\/p>\n<p><span style=\"font-size: 14pt;\"><strong>Patr\u00edcia\u00a0&#8211;<\/strong>\u00a0Isso \u00e9 Mito. N\u00e3o tem um padr\u00e3o de idade.\u00a0<\/span><\/p>\n<p><a href=\"http:\/\/www.portalmantena.com.br\/novo\/wp-content\/uploads\/2017\/07\/jupatricia2.jpg\"><img loading=\"lazy\" class=\"alignnone size-full wp-image-10762\" src=\"http:\/\/www.portalmantena.com.br\/novo\/wp-content\/uploads\/2017\/07\/jupatricia2.jpg\" alt=\"\" width=\"700\" height=\"450\" srcset=\"http:\/\/www.portalmantena.com.br\/novo\/wp-content\/uploads\/2017\/07\/jupatricia2.jpg 700w, http:\/\/www.portalmantena.com.br\/novo\/wp-content\/uploads\/2017\/07\/jupatricia2-300x193.jpg 300w, http:\/\/www.portalmantena.com.br\/novo\/wp-content\/uploads\/2017\/07\/jupatricia2-696x447.jpg 696w, http:\/\/www.portalmantena.com.br\/novo\/wp-content\/uploads\/2017\/07\/jupatricia2-653x420.jpg 653w\" sizes=\"(max-width: 700px) 100vw, 700px\" \/><\/a><\/p>\n<p><span style=\"font-size: 14pt;\"><span style=\"font-size: 18pt; color: #993300;\"><strong>JUnior<\/strong>\u00a0&#8211;<\/span>\u00a0As mulheres tem uma grande perda de cabelo apenas na terceira idade?<\/span><\/p>\n<p><span style=\"font-size: 14pt;\"><strong>Patr\u00edcia\u00a0&#8211;<\/strong>\u00a0Tamb\u00e9m \u00e9 Mito. Nos dias de hoje encontramos mulheres em qualquer fase da vida com queda capilar, quando se entra na menopausa ocorre mudan\u00e7a no padr\u00e3o hormonal que favorece a queda dos fios.<\/span><\/p>\n<p><a href=\"http:\/\/www.portalmantena.com.br\/novo\/wp-content\/uploads\/2017\/07\/jupatricia6.jpg\"><img loading=\"lazy\" class=\"alignnone size-full wp-image-10766\" src=\"http:\/\/www.portalmantena.com.br\/novo\/wp-content\/uploads\/2017\/07\/jupatricia6.jpg\" alt=\"\" width=\"700\" height=\"450\" srcset=\"http:\/\/www.portalmantena.com.br\/novo\/wp-content\/uploads\/2017\/07\/jupatricia6.jpg 700w, http:\/\/www.portalmantena.com.br\/novo\/wp-content\/uploads\/2017\/07\/jupatricia6-300x193.jpg 300w, http:\/\/www.portalmantena.com.br\/novo\/wp-content\/uploads\/2017\/07\/jupatricia6-696x447.jpg 696w, http:\/\/www.portalmantena.com.br\/novo\/wp-content\/uploads\/2017\/07\/jupatricia6-653x420.jpg 653w\" sizes=\"(max-width: 700px) 100vw, 700px\" \/><\/a><\/p>\n<p><span style=\"font-size: 14pt;\"><span style=\"font-size: 18pt; color: #993300;\"><strong>JUnior<\/strong>\u00a0&#8211;<\/span>\u00a0Usar gel acelera a queda de cabelo?<\/span><\/p>\n<p><span style=\"font-size: 14pt;\"><strong>Patr\u00edcia\u00a0&#8211;<\/strong>\u00a0Mito. O gel n\u00e3o acelera queda, o correto \u00e9 n\u00e3o dormir com gel no cabelo por causa do endurecimento dos fios.\u00a0<\/span><\/p>\n<p><span style=\"font-size: 14pt;\"><span style=\"font-size: 18pt; color: #993300;\"><strong>JUnior<\/strong>\u00a0&#8211;<\/span>\u00a0Usar bon\u00e9 faz cair os cabelos?<\/span><\/p>\n<p><span style=\"font-size: 14pt;\"><strong>Patr\u00edcia\u00a0&#8211;<\/strong>\u00a0Mito. Os bon\u00e9s n\u00e3o provocam a calv\u00edcie, pode desencadear v\u00e1rias consequ\u00eancias que favorecem a queda dos fios como dermatite seborreica, eczema ou caspa . Junior quando se usa muito bon\u00e9 ocorre um abafamento no couro cabeludo que faz produzir mais oleosidade, proliferando os fungos.\u00a0<\/span><\/p>\n<p><span style=\"font-size: 14pt;\"><span style=\"font-size: 18pt; color: #993300;\"><strong>JUnior<\/strong>\u00a0&#8211;<\/span>\u00a0Oleosidade faz o cabelo cair?<\/span><\/p>\n<p><span style=\"font-size: 14pt;\"><strong>Patr\u00edcia\u00a0&#8211;<\/strong>\u00a0Verdade. Ocorre porque os est\u00edmulos que fazem os cabelos ca\u00edrem s\u00e3o os mesmo que elevam produ\u00e7\u00e3o do sebo no couro cabeludo.<\/span><\/p>\n<p><a href=\"http:\/\/www.portalmantena.com.br\/novo\/wp-content\/uploads\/2017\/07\/jupatricia5.jpg\"><img loading=\"lazy\" class=\"alignnone size-full wp-image-10765\" src=\"http:\/\/www.portalmantena.com.br\/novo\/wp-content\/uploads\/2017\/07\/jupatricia5.jpg\" alt=\"\" width=\"700\" height=\"450\" srcset=\"http:\/\/www.portalmantena.com.br\/novo\/wp-content\/uploads\/2017\/07\/jupatricia5.jpg 700w, http:\/\/www.portalmantena.com.br\/novo\/wp-content\/uploads\/2017\/07\/jupatricia5-300x193.jpg 300w, http:\/\/www.portalmantena.com.br\/novo\/wp-content\/uploads\/2017\/07\/jupatricia5-696x447.jpg 696w, http:\/\/www.portalmantena.com.br\/novo\/wp-content\/uploads\/2017\/07\/jupatricia5-653x420.jpg 653w\" sizes=\"(max-width: 700px) 100vw, 700px\" \/><\/a><\/p>\n<p><span style=\"font-size: 14pt;\"><span style=\"font-size: 18pt; color: #993300;\"><strong>JUnior<\/strong>\u00a0&#8211;<\/span>\u00a0Penteando cabelo com escova, faz cair mais r\u00e1pido?<\/span><\/p>\n<p><span style=\"font-size: 14pt;\"><strong>Patr\u00edcia\u00a0&#8211;<\/strong>\u00a0Mito. O cabelo se tem um ciclo de vida, completando o seu ciclo ele ira cair naturalmente.<\/span><\/p>\n<p><span style=\"font-size: 14pt;\"><span style=\"font-size: 18pt; color: #993300;\"><strong>JUnior<\/strong>\u00a0&#8211;<\/span>\u00a0E as Dietas rigorosas, faz cair cabelo?<\/span><\/p>\n<p><span style=\"font-size: 14pt;\"><strong>Patr\u00edcia\u00a0&#8211;<\/strong>\u00a0Quando seguimos dietas r\u00edgidas ou desreguladas, a defici\u00eancia de nutrientes como ferro, vitaminas, minerais e prote\u00edna causa a fragilidade dos fios e, consequentemente, a sua queda. Portanto, \u00e9 importante manter uma dieta equilibrada para que se tenha uma boa sa\u00fade capilar.<\/span><\/p>\n<p><span style=\"font-size: 14pt;\">os revelam\u00a0<\/span><\/p>\n<p><span style=\"font-size: 14pt;\"><span style=\"font-size: 18pt; color: #993300;\"><strong>JUnior<\/strong>\u00a0&#8211;<\/span>\u00a0Agora vamos falar de solu\u00e7\u00e3o. Quais s\u00e3o os tratamentos dispon\u00edveis para calv\u00edcie?<\/span><\/p>\n<p><span style=\"font-size: 14pt;\"><strong>Patr\u00edcia\u00a0&#8211;<\/strong>\u00a0Existem diversos tratamentos com efici\u00eancia comprovada no mercado, o tratamento que desenvolvi na <strong>clinica Est\u00e9tica &amp; Laser<\/strong> e uma t\u00e9cnica com microinfus\u00e3o de medicamentos por microagulhamento em todo couro cabeludo. Dessa forma, temos um est\u00edmulo para crescimento de novos fios em toda regi\u00e3o tratada com resultados evidentes em poucos meses.<\/span><\/p>\n<p><span style=\"font-size: 14pt;\"><span style=\"font-size: 18pt; color: #993300;\"><strong>JUnior<\/strong>\u00a0&#8211;<\/span>\u00a0Com certeza o seu tratamento \u00e9 eficiente pois temos as mais diversas manifesta\u00e7\u00f5es de satisfa\u00e7\u00e3o de seus clientes, que est\u00e3o vivendo inclusive um outro momento na vida, felizes e com a alta estima elevada por estarem vendo o resultado positivo do tratamento. <\/span><\/p>\n<p><span style=\"font-size: 14pt;\">Agradecemos sua participa\u00e7\u00e3o aqui, informando um pouco mais sobre a Calv\u00edcie, e informamos aos nossos leitores que para qualquer d\u00favida ou at\u00e9 mesmo uma consulta, procure a Cl\u00ednica Est\u00e9tica &amp; Laser em Mantena, situada \u00e0 Avenida Get\u00falio Vargas no centro de Mantena, o telefone \u00e9: (33) 3241-4614.<\/span><\/p>\n<p><span style=\"font-size: 14pt;\"><strong>Patr\u00edcia\u00a0&#8211;<\/strong>\u00a0Agrade\u00e7o a oportunidade aqui do portalmantena, muito obrigada por conceder este espa\u00e7o para tirar d\u00favidas e informar aos leitores.<\/span><\/p>\n<p><a href=\"http:\/\/www.portalmantena.com.br\/novo\/wp-content\/uploads\/2017\/07\/jupatricia4.jpg\"><img loading=\"lazy\" class=\"alignnone size-full wp-image-10764\" src=\"http:\/\/www.portalmantena.com.br\/novo\/wp-content\/uploads\/2017\/07\/jupatricia4.jpg\" alt=\"\" width=\"700\" height=\"450\" srcset=\"http:\/\/www.portalmantena.com.br\/novo\/wp-content\/uploads\/2017\/07\/jupatricia4.jpg 700w, http:\/\/www.portalmantena.com.br\/novo\/wp-content\/uploads\/2017\/07\/jupatricia4-300x193.jpg 300w, http:\/\/www.portalmantena.com.br\/novo\/wp-content\/uploads\/2017\/07\/jupatricia4-696x447.jpg 696w, http:\/\/www.portalmantena.com.br\/novo\/wp-content\/uploads\/2017\/07\/jupatricia4-653x420.jpg 653w\" sizes=\"(max-width: 700px) 100vw, 700px\" \/><\/a><a href=\"http:\/\/www.portalmantena.com.br\/novo\/wp-content\/uploads\/2017\/07\/jupatricia11.jpg\"><img loading=\"lazy\" class=\"alignnone size-full wp-image-10772\" src=\"http:\/\/www.portalmantena.com.br\/novo\/wp-content\/uploads\/2017\/07\/jupatricia11.jpg\" alt=\"\" width=\"700\" height=\"450\" srcset=\"http:\/\/www.portalmantena.com.br\/novo\/wp-content\/uploads\/2017\/07\/jupatricia11.jpg 700w, http:\/\/www.portalmantena.com.br\/novo\/wp-content\/uploads\/2017\/07\/jupatricia11-300x193.jpg 300w, http:\/\/www.portalmantena.com.br\/novo\/wp-content\/uploads\/2017\/07\/jupatricia11-696x447.jpg 696w, http:\/\/www.portalmantena.com.br\/novo\/wp-content\/uploads\/2017\/07\/jupatricia11-653x420.jpg 653w\" sizes=\"(max-width: 700px) 100vw, 700px\" \/><\/a><\/p>\n<p>&nbsp;<\/p>\n","protected":false},"excerpt":{"rendered":"<p>A entrevistada desta edi\u00e7\u00e3o \u00e9 a competente profissional mantenense no ramo da est\u00e9tica, Patr\u00edcia Karla, propriet\u00e1ria da empresa Est\u00e9tica &amp; Laser. Ela ir\u00e1 nos relatar um pouco do sucesso que vem tendo, com clientes extremamente satisfeitos com o processo de tratamento da calv\u00edcie.\u00a0 Confira a entrevista abaixo e conhe\u00e7a um pouco mais desta jovem empres\u00e1ria [&hellip;]<\/p>\n","protected":false},"author":1,"featured_media":10769,"comment_status":"open","ping_status":"open","sticky":false,"template":"","format":"standard","meta":[],"categories":[47,53],"tags":[],"_links":{"self":[{"href":"http:\/\/www.portalmantena.com.br\/novo\/index.php?rest_route=\/wp\/v2\/posts\/10755"}],"collection":[{"href":"http:\/\/www.portalmantena.com.br\/novo\/index.php?rest_route=\/wp\/v2\/posts"}],"about":[{"href":"http:\/\/www.portalmantena.com.br\/novo\/index.php?rest_route=\/wp\/v2\/types\/post"}],"author":[{"embeddable":true,"href":"http:\/\/www.portalmantena.com.br\/novo\/index.php?rest_route=\/wp\/v2\/users\/1"}],"replies":[{"embeddable":true,"href":"http:\/\/www.portalmantena.com.br\/novo\/index.php?rest_route=%2Fwp%2Fv2%2Fcomments&post=10755"}],"version-history":[{"count":9,"href":"http:\/\/www.portalmantena.com.br\/novo\/index.php?rest_route=\/wp\/v2\/posts\/10755\/revisions"}],"predecessor-version":[{"id":11798,"href":"http:\/\/www.portalmantena.com.br\/novo\/index.php?rest_route=\/wp\/v2\/posts\/10755\/revisions\/11798"}],"wp:featuredmedia":[{"embeddable":true,"href":"http:\/\/www.portalmantena.com.br\/novo\/index.php?rest_route=\/wp\/v2\/media\/10769"}],"wp:attachment":[{"href":"http:\/\/www.portalmantena.com.br\/novo\/index.php?rest_route=%2Fwp%2Fv2%2Fmedia&parent=10755"}],"wp:term":[{"taxonomy":"category","embeddable":true,"href":"http:\/\/www.portalmantena.com.br\/novo\/index.php?rest_route=%2Fwp%2Fv2%2Fcategories&post=10755"},{"taxonomy":"post_tag","embeddable":true,"href":"http:\/\/www.portalmantena.com.br\/novo\/index.php?rest_route=%2Fwp%2Fv2%2Ftags&post=10755"}],"curies":[{"name":"wp","href":"https:\/\/api.w.org\/{rel}","templated":true}]}}